{"id":7593,"date":"2025-10-31T17:57:22","date_gmt":"2025-10-31T16:57:22","guid":{"rendered":"http:\/\/www.winetopblog.it\/blog\/?p=7593"},"modified":"2025-11-05T21:56:49","modified_gmt":"2025-11-05T20:56:49","slug":"biglietteria-aperta-per-il14o-mercato-dei-vini-dei-vignaioli-indipendentia-bolognafiere-dal-15-al-17-novembre","status":"publish","type":"post","link":"http:\/\/www.winetopblog.it\/blog\/2025\/10\/31\/biglietteria-aperta-per-il14o-mercato-dei-vini-dei-vignaioli-indipendentia-bolognafiere-dal-15-al-17-novembre\/","title":{"rendered":"BIGLIETTERIA APERTA PER IL 14\u00ba MERCATO DEI VINI DEI VIGNAIOLI INDIPENDENTI,A BOLOGNAFIERE DAL 15 AL 17 NOVEMBRE"},"content":{"rendered":"\n<p>A partire da oggi, 1\u00b0 settembre, disponibili online i biglietti di ingresso al pi\u00f9 importante evento dei vignaioli italiani: ne sono attesi un migliaio, per tre giorni di festa insieme a delegazioni di vignaioli stranieri e di olivicoltori indipendenti. <\/p>\n\n\n\n<p>BolognaFiere sar\u00e0 la casa dei vignaioli FIVI fino al 2028: accordo rinnovato per altri tre anni<\/p>\n\n\n\n<figure class=\"wp-block-image size-full\"><img loading=\"lazy\" decoding=\"async\" width=\"520\" height=\"419\" src=\"http:\/\/www.winetopblog.it\/blog\/wp-content\/uploads\/2025\/10\/14_fiera_2025_FIVI.jpg\" alt=\"\" class=\"wp-image-7594\" srcset=\"http:\/\/www.winetopblog.it\/blog\/wp-content\/uploads\/2025\/10\/14_fiera_2025_FIVI.jpg 520w, http:\/\/www.winetopblog.it\/blog\/wp-content\/uploads\/2025\/10\/14_fiera_2025_FIVI-300x242.jpg 300w\" sizes=\"(max-width: 520px) 100vw, 520px\" \/><\/figure>\n\n\n\n<p>Si avvicina la 14a edizione del Mercato dei Vini dei Vignaioli Indipendenti, in programma dal 15 al 17 novembre 2025 a BolognaFiere, e da oggi apre la biglietteria online.<\/p>\n\n\n\n<p><br>Intanto, BolognaFiere e FIVI &#8211; Federazione Italiana Vignaioli Indipendenti annunciano di<br>aver sottoscritto un accordo che porter\u00e0 il Mercato dei Vini nei padiglioni della Fiera di<br>Bologna per altri tre anni.<\/p>\n\n\n\n<p>Gianpiero Calzolari, Presidente di BolognaFiere, commenta cos\u00ec l\u2019estensione della fruttuosa partnership con FIVI: \u00abSiamo orgogliosi di poter confermare BolognaFiere come la casa dei Vignaioli Indipendenti fino al 2028. Il Mercato dei Vini \u00e8 un appuntamento che unisce qualit\u00e0, cultura e passione, e che ogni anno arricchisce la nostra citt\u00e0 di un pubblico attento e competente. Questo rinnovo rafforza una collaborazione che valorizza il territorio e il lavoro dei produttori italiani, contribuendo a rendere BolognaFiere un punto di riferimento anche per il settore vitivinicolo e l\u2019enoturismo\u00bb.<br>L\u2019attesa \u00e8 adesso rivolta al Mercato dei Vini dei Vignaioli Indipendenti numero 14, che animer\u00e0 i padiglioni di BolognaFiere per tre giorni di festa. Anche quest\u2019anno, numeri importanti: ad accogliere il pubblico saranno circa 1.000 vignaioli, provenienti da ogni regione italiana, insieme a 3 delegazioni di vignaioli europei in rappresentanza delle associazioni nazionali appartenenti a CEVI &#8211; Conf\u00e9d\u00e9ration Europ\u00e9enne des Vignerons Ind\u00e9pendants, e a 32 soci di FIOI &#8211; Federazione Italiana Olivicoltori Indipendenti.<\/p>\n\n\n\n<p><br>\u00abNon vediamo l&#8217;ora di riaprire le porte del Mercato dei Vini per accogliere il nostro pubblico di appassionati e operatori e, per tre giorni, divertirci insieme a loro\u00bb, spiega sorridendo Rita Babini, Vignaiola e Presidente della FIVI. \u00abLo dico col sorriso sulle labbra e con la giusta leggerezza, e non \u00e8 una provocazione, tutt&#8217;altro. Il vino \u00e8 leggerezza, ma quanta gravit\u00e0 a volte si trova sul groppone. Il vino \u00e8 per tutti, ma troppo spesso \u00e8 stato raccontato come qualcosa di esclusivo, e quindi escludente. Il vino \u00e8 piacere, sorprendente perch\u00e9 effimero, ma suo malgrado viene caricato di significati che lo rendono incomprensibile. Parafrasando il mio conterraneo Arrigo Sacchi, che ovviamente parlava del calcio, il vino \u00e8 la cosa pi\u00f9 importante delle cose meno importanti. Ecco, noi Vignaioli vogliamo provare a riportare il vino al suo posto: prodotto contadino che pu\u00f2 elevarsi a nobilt\u00e0, ma senza perdere di vista ci\u00f2 che \u00e8 e da dove viene. E siamo le persone giuste per farlo, perch\u00e9 conosciamo tutto del vino: la terra e la vigna, le presse e le botti, chi lo vende e chi lo consuma. Al Mercato dei Vini produttori, venditori, consumatori e appassionati potranno guardarsi negli occhi, fermarsi a riflettere e condividere una nuova strada. Non c&#8217;\u00e8 altro luogo dove questa piccola rivoluzione possa avvenire\u00bb.<br>Per ospitare espositori e pubblico, BolognaFiere mette a disposizione una superficie di quasi 40.000 metri quadrati, distribuiti su 4 padiglioni: ai vignaioli saranno riservati il 29 e il 30, mentre il 26 e il 28 saranno dedicati al food e ai servizi al pubblico. Nella galleria centrale troveranno spazio i partner e gli sponsor del Mercato dei Vini, e l&#8217;immancabile stand istituzionale FIVI, con le t-shirt e altri gadget firmati \u2018Vignaioli Indipendenti\u2019. Rispetto alle scorse edizioni, non hanno subito alcun aumento i biglietti di ingresso, che<\/p>\n\n\n\n<p><br>possono essere acquistati in prevendita da oggi, 1\u00b0 settembre, sul sito www.mercatodeivini.it; invariate anche le riduzioni per i sommelier e gli operatori, alle quali si affiancano quelle per gli abbonati al Bologna Football Club 1909, novit\u00e0 dell\u2019edizione 2025.<\/p>\n\n\n\n<p><br>Tra le conferme, il servizio di carrelli e trolley del Mercato, indispensabili per portare fino al parcheggio le bottiglie comprate. E per chi far\u00e0 molti acquisti, in Fiera sar\u00e0 disponibile un pratico servizio di spedizioni.<br>La centralit\u00e0 di Bologna permetter\u00e0 al pubblico di raggiungere agevolmente il Mercato dei Vini non solo con l\u2019automobile, ma anche con i mezzi pubblici: una scelta di sicurezza e sostenibilit\u00e0 in linea con lo spirito della manifestazione. <\/p>\n\n\n\n<p>A questo proposito, per migliorare l\u2019esperienza dei visitatori, BolognaFiere ha predisposto l\u2019apertura dell\u2019ingresso di Piazza Costituzione, in aggiunta al tradizionale ingresso Nord. Oltre a facilitare l\u2019arrivo dei visitatori a piedi o con i mezzi, ci\u00f2 consentir\u00e0 di utilizzare sia il parcheggio di Piazza Costituzione che i 5.500 posti auto del multipiano Michelino, comodamente accessibile dall\u2019uscita autostradale \u2018Bologna Fiera\u2019. Tornando ai mezzi pubblici, grazie al rinnovo della convenzione con Trenitalia, espositori e visitatori potranno approfittare dell\u2019\u2018Offerta Speciale Eventi\u2019 e giungere a Bologna sui Frecciarossa con sconti fino al 75% rispetto al biglietto Base. I canali per usufruire della convenzione sono l\u2019App di Trenitalia, le biglietterie, le agenzie di viaggio abilitate e il sito trenitalia.com. <\/p>\n\n\n\n<p><br>Ad arricchire il programma della manifestazione saranno cinque masterclass, incentrate sul tema Vino, vigne, Vignaioli: una storia di famiglia. In occasione del Mercato dei Vini saranno, inoltre, annunciati i vincitori del Premio Leonildo Pieropan 2025, dedicato alla memoria di uno dei pionieri di FIVI, e del Premio Vignaiolo come noi, che negli ultimi due anni \u00e8 stato assegnato al cantante e musicista Stefano Belisari in arte Elio, e al capitano della Virtus Pallacanestro Bologna, Marco Belinelli.<br>Il Mercato dei Vini dei Vignaioli Indipendenti \u00e8 un evento FIVI. \u00c8 organizzato da BolognaFiere, con il patrocinio del Comune di Bologna e di Confcommercio Ascom Bologna. Media Partner: QN Quotidiano Nazionale, il Resto del Carlino, La Nazione e Il Giorno.<\/p>\n\n\n\n<p><br><strong>Orari<\/strong><br>Sabato 15 e domenica 16 novembre: apertura cancelli ore 11.00, chiusura ore 19.00.<br>Luned\u00ec 17 novembre: apertura cancelli ore 11.00, chiusura ore 17.00.<br><\/p>\n\n\n\n<p><\/p>\n","protected":false},"excerpt":{"rendered":"<p>A partire da oggi, 1\u00b0 settembre, disponibili online i biglietti di ingresso al pi\u00f9 importante evento dei vignaioli italiani: ne sono attesi un migliaio, per tre giorni di festa insieme a delegazioni di vignaioli stranieri e di olivicoltori indipendenti. BolognaFiere sar\u00e0 la casa dei vignaioli FIVI fino al 2028: accordo rinnovato per altri tre anni [&hellip;]<\/p>\n","protected":false},"author":1,"featured_media":0,"comment_status":"open","ping_status":"open","sticky":false,"template":"","format":"standard","meta":{"jetpack_post_was_ever_published":false,"_jetpack_newsletter_access":"","_jetpack_dont_email_post_to_subs":false,"_jetpack_newsletter_tier_id":0,"_jetpack_memberships_contains_paywalled_content":false,"_jetpack_memberships_contains_paid_content":false,"footnotes":"","jetpack_publicize_message":"","jetpack_publicize_feature_enabled":true,"jetpack_social_post_already_shared":true,"jetpack_social_options":{"image_generator_settings":{"template":"highway","enabled":false},"version":2}},"categories":[1],"tags":[],"class_list":["post-7593","post","type-post","status-publish","format-standard","hentry","category-news"],"jetpack_publicize_connections":[],"jetpack_featured_media_url":"","jetpack_sharing_enabled":true,"jetpack_shortlink":"https:\/\/wp.me\/p7YLz1-1Yt","_links":{"self":[{"href":"http:\/\/www.winetopblog.it\/blog\/wp-json\/wp\/v2\/posts\/7593"}],"collection":[{"href":"http:\/\/www.winetopblog.it\/blog\/wp-json\/wp\/v2\/posts"}],"about":[{"href":"http:\/\/www.winetopblog.it\/blog\/wp-json\/wp\/v2\/types\/post"}],"author":[{"embeddable":true,"href":"http:\/\/www.winetopblog.it\/blog\/wp-json\/wp\/v2\/users\/1"}],"replies":[{"embeddable":true,"href":"http:\/\/www.winetopblog.it\/blog\/wp-json\/wp\/v2\/comments?post=7593"}],"version-history":[{"count":3,"href":"http:\/\/www.winetopblog.it\/blog\/wp-json\/wp\/v2\/posts\/7593\/revisions"}],"predecessor-version":[{"id":7620,"href":"http:\/\/www.winetopblog.it\/blog\/wp-json\/wp\/v2\/posts\/7593\/revisions\/7620"}],"wp:attachment":[{"href":"http:\/\/www.winetopblog.it\/blog\/wp-json\/wp\/v2\/media?parent=7593"}],"wp:term":[{"taxonomy":"category","embeddable":true,"href":"http:\/\/www.winetopblog.it\/blog\/wp-json\/wp\/v2\/categories?post=7593"},{"taxonomy":"post_tag","embeddable":true,"href":"http:\/\/www.winetopblog.it\/blog\/wp-json\/wp\/v2\/tags?post=7593"}],"curies":[{"name":"wp","href":"https:\/\/api.w.org\/{rel}","templated":true}]}}