{"id":7591,"date":"2025-10-31T17:48:11","date_gmt":"2025-10-31T16:48:11","guid":{"rendered":"http:\/\/www.winetopblog.it\/blog\/?p=7591"},"modified":"2025-10-31T17:48:11","modified_gmt":"2025-10-31T16:48:11","slug":"vino-vigne-vignaioli-una-storia-di-famiglia","status":"publish","type":"post","link":"http:\/\/www.winetopblog.it\/blog\/2025\/10\/31\/vino-vigne-vignaioli-una-storia-di-famiglia\/","title":{"rendered":"Vino, vigne, Vignaioli: una storia di famiglia"},"content":{"rendered":"\n<p>Mercato dei Vini dei Vignaioli Indipendenti 2025<br>Masterclass<\/p>\n\n\n\n<p><strong><em>Sabato 15 novembre<\/em><\/strong><br><\/p>\n\n\n\n<p>ore 11.30\/13.00<\/p>\n\n\n\n<h3>Il Moscato di Canelli: ritorno al futuro<\/h3>\n\n\n\n<p>Nel mare grande del Moscato d\u2019Asti, dal 2023 spunta la piccola ma prestigiosa isola del Moscato di<br>Canelli DOCG. Dopo un percorso lungo oltre vent\u2019anni, un gruppo di Vignaioli \u00e8 riuscito a far<br>riconoscere l\u2019unicit\u00e0 di questa zona, in cui il Moscato Bianco si lega al territorio e all\u2019opera<br>dell\u2019uomo in un unicum irripetibile, radicato da generazioni nelle storie dei produttori locali. La<br>FIVI omaggia questo vino \u2013 naturalmente a bassa gradazione alcolica \u2013 offrendo al pubblico la<br>possibilit\u00e0 di scoprirne la meno nota, ma stupefacente, eleganza evolutiva.<br>In dialogo con Mario Pojer (Vignaiolo in Trentino), tre produttori del territorio: Gianmario Cerutti,<br>Margherita Forno e Ignazio Giovine (Vignaioli in Piemonte).<br>In degustazione:<\/p>\n\n\n\n<ul class=\"wp-block-list\">\n<li>Canelli docg Moscato \u201cSpacca Vento\u201d &#8211; L\u2019Armangia (Canelli) &#8211; 2024<\/li>\n\n\n\n<li>Canelli docg Moscato \u201cSury Sandrinet\u201d \u2013 Cascina Cerutti (Cassinasco) &#8211; 2023<\/li>\n\n\n\n<li>Moscato d\u2019Asti docg Canelli \u201cSpacca Vento\u201d &#8211; L\u2019Armangia (Canelli) &#8211; 2019<\/li>\n\n\n\n<li>Moscato d\u2019Asti docg Canelli \u201cSury Sandrinet\u201d \u2013 Cascina Cerutti (Cassinasco) &#8211; 2018<\/li>\n\n\n\n<li>Moscato d\u2019Asti docg Canelli \u201cTenuta del Fant\u201d\u2013 Il Falchetto (Santo Stefano Belbo) &#8211; 2017<br>Gli Olivicoltori Indipendenti FIOI aprono la masterclass con una degustazione presentata e offerta<br>dall\u2019azienda agricola Paolo Cassini (Liguria, \u201cExtremum\u201d, Monocultivar Taggiasca)<br><\/li>\n<\/ul>\n\n\n\n<p>ore 14:30\/16:00<\/p>\n\n\n\n<h3>Cataldo Calabretta: il Cir\u00f2 nel cuore, da quattro generazioni<\/h3>\n\n\n\n<p>Cataldo Calabretta \u00e8 il volto contemporaneo di una storia familiare lunga quattro generazioni,<br>radicata nel territorio di Cir\u00f2. Con il suo lavoro porta avanti una visione precisa: valorizzare<br>l\u2019identit\u00e0 del Gaglioppo, vinificandolo in purezza e rispettando il carattere autentico del terroir. Una<br>scelta netta, che guarda al futuro attraverso il rispetto della tradizione. In questa masterclass<br>esploriamo la doppia anima del Cir\u00f2 firmato Calabretta: il Rosato e il Rosso Classico Superiore,<br>entrambi sotto la storica etichetta L\u2019Arciglione. Un viaggio nel tempo e nell\u2019evoluzione del<br>Gaglioppo, tra freschezza, struttura e profondit\u00e0.<br>Cataldo Calabretta dialoga con Andrea Miotto (vignaiolo in Veneto).<br>In degustazione:<\/p>\n\n\n\n<ul class=\"wp-block-list\">\n<li>Cir\u00f2 Rosato \u2013 L\u2019Arciglione di Cataldo Calabretta \u2013 Annate: 2024, 2022, 2020<\/li>\n\n\n\n<li>Cir\u00f2 doc Rosso Classico Superiore \u2013 L\u2019Arciglione di Cataldo Calabretta \u2013 Annate: 2022, 2018,<br>2012<br>Gli Olivicoltori Indipendenti FIOI aprono la masterclass con una degustazione presentata e offerta<br>dall\u2019azienda agricola Fratelli Renzo (Calabria, Olio Monovarietale Dolce di Rossano).<\/li>\n<\/ul>\n\n\n\n<p><\/p>\n\n\n\n<p><strong><em>Domenica 16 novembre<\/em><\/strong><\/p>\n\n\n\n<p>ore 14.30\/16.00<\/p>\n\n\n\n<h3>Un rosso dolomitico: il Teroldego secondo Giulio de Vescovi<\/h3>\n\n\n\n<p>La famiglia de Vescovi e la Piana Rotaliana da pi\u00f9 di 400 anni hanno intrecciato le loro storie, cos\u00ec<br>come inestricabilmente intrecciata al territorio \u00e8 la storia del Teroldego, il principe dei rossi del<br>Trentino. Non \u00e8 un caso che Giulio De Vescovi, ultima generazione a prendere in mano le redini<br>aziendali, del Teroldego sia uno degli interpreti pi\u00f9 attenti e lungimiranti: impegnato con diversi<br>colleghi, esponenti di una nuova generazione di Vignaioli, a rilanciarne il blasone, dimostrando le<br>grandi potenzialit\u00e0 di questa variet\u00e0 e di questo territorio ai piedi delle Dolomiti.<br>Giulio de Vescovi dialoga con Andrea Pieropan (Vignaiolo in Veneto).<br>In degustazione:<\/p>\n\n\n\n<ul class=\"wp-block-list\">\n<li>Teroldego Rotaliano doc \u201cVigilius\u201d \u2013 de Vescovi Ulzbach. Annate: 2020, 2019, 2018, 2016, 2015<br>pi\u00f9 una vecchia annata a sorpresa.<br>Gli Olivicoltori Indipendenti FIOI aprono la masterclass con una degustazione presentata e offerta<br>dall\u2019azienda agricola Vaccarella Monica (Veneto, \u201cDonna Emme\u201d, Valpolicella DOP, 60%<br>Grignano, 40% Frantoio, Pendolino, Leccio, Leccino).<\/li>\n<\/ul>\n\n\n\n<p>ore 17.00\/18.30<\/p>\n\n\n\n<h3>Viticoltura su suolo vulcanico: l&#8217;identit\u00e0 del Lazio in degustazione<\/h3>\n\n\n\n<p>Il Lazio del vino \u00e8 una terra in fermento, che riscopre la forza delle sue radici vulcaniche e la<br>trasforma in vini di grande identit\u00e0. Dai bianchi di Grechetto e Malvasia Puntinata fino al Cesanese<br>e al Montepulciano, sei vini raccontano le diverse anime di questa regione attraverso la voce diretta<br>dei Vignaioli che la abitano e la interpretano. La selezione spazia tra denominazioni, stili e territori,<br>ma con un filo conduttore chiaro: l\u2019influenza del suolo vulcanico, che regala tensione, salinit\u00e0,<br>profondit\u00e0.<br>I produttori dialogheranno con Enza Saitta (Vignaiola in Sicilia), offrendo un confronto autentico tra<br>territori e visioni enologiche.<br>In degustazione:<\/p>\n\n\n\n<ul class=\"wp-block-list\">\n<li>Lazio igt \u201cPoggio Triale\u201d (Grechetto) &#8211; La Pazzaglia &#8211; 2019<\/li>\n\n\n\n<li>Frascati Superiore Riserva docg \u201cPrimo\u201d (Greco, Malvasia Puntinata, Bombino) &#8211; Merumalia -2018<\/li>\n\n\n\n<li>Lazio igt \u201cConvenio\u201d (Malvasia Puntinata) &#8211; Casale Certosa &#8211; 2018<\/li>\n\n\n\n<li>Lazio igt \u201cGalieno\u201d (Malvasia Puntinata) &#8211; Riserva della Cascina \u2013 2017<\/li>\n\n\n\n<li>Lazio igt \u201cViolo\u201d (Montepulciano)- Cantina Morichelli &#8211; 2018<\/li>\n\n\n\n<li>Cesanese doc di Olevano \u201cConsilium\u201d &#8211; Migrante &#8211; 2010<br>Gli Olivicoltori Indipendenti FIOI aprono la masterclass con una degustazione presentata e offerta<br>da Antolio Societa\u2019 Agricola di Antonella Pompili (Lazio, Olio Letizia).<\/li>\n<\/ul>\n","protected":false},"excerpt":{"rendered":"<p>Mercato dei Vini dei Vignaioli Indipendenti 2025Masterclass Sabato 15 novembre ore 11.30\/13.00 Il Moscato di Canelli: ritorno al futuro Nel mare grande del Moscato d\u2019Asti, dal 2023 spunta la piccola ma prestigiosa isola del Moscato diCanelli DOCG. Dopo un percorso lungo oltre vent\u2019anni, un gruppo di Vignaioli \u00e8 riuscito a farriconoscere l\u2019unicit\u00e0 di questa zona, [&hellip;]<\/p>\n","protected":false},"author":1,"featured_media":0,"comment_status":"open","ping_status":"open","sticky":false,"template":"","format":"standard","meta":{"jetpack_post_was_ever_published":false,"_jetpack_newsletter_access":"","_jetpack_dont_email_post_to_subs":false,"_jetpack_newsletter_tier_id":0,"_jetpack_memberships_contains_paywalled_content":false,"_jetpack_memberships_contains_paid_content":false,"footnotes":"","jetpack_publicize_message":"","jetpack_publicize_feature_enabled":true,"jetpack_social_post_already_shared":true,"jetpack_social_options":{"image_generator_settings":{"template":"highway","enabled":false},"version":2}},"categories":[1],"tags":[],"class_list":["post-7591","post","type-post","status-publish","format-standard","hentry","category-news"],"jetpack_publicize_connections":[],"jetpack_featured_media_url":"","jetpack_sharing_enabled":true,"jetpack_shortlink":"https:\/\/wp.me\/p7YLz1-1Yr","_links":{"self":[{"href":"http:\/\/www.winetopblog.it\/blog\/wp-json\/wp\/v2\/posts\/7591"}],"collection":[{"href":"http:\/\/www.winetopblog.it\/blog\/wp-json\/wp\/v2\/posts"}],"about":[{"href":"http:\/\/www.winetopblog.it\/blog\/wp-json\/wp\/v2\/types\/post"}],"author":[{"embeddable":true,"href":"http:\/\/www.winetopblog.it\/blog\/wp-json\/wp\/v2\/users\/1"}],"replies":[{"embeddable":true,"href":"http:\/\/www.winetopblog.it\/blog\/wp-json\/wp\/v2\/comments?post=7591"}],"version-history":[{"count":1,"href":"http:\/\/www.winetopblog.it\/blog\/wp-json\/wp\/v2\/posts\/7591\/revisions"}],"predecessor-version":[{"id":7592,"href":"http:\/\/www.winetopblog.it\/blog\/wp-json\/wp\/v2\/posts\/7591\/revisions\/7592"}],"wp:attachment":[{"href":"http:\/\/www.winetopblog.it\/blog\/wp-json\/wp\/v2\/media?parent=7591"}],"wp:term":[{"taxonomy":"category","embeddable":true,"href":"http:\/\/www.winetopblog.it\/blog\/wp-json\/wp\/v2\/categories?post=7591"},{"taxonomy":"post_tag","embeddable":true,"href":"http:\/\/www.winetopblog.it\/blog\/wp-json\/wp\/v2\/tags?post=7591"}],"curies":[{"name":"wp","href":"https:\/\/api.w.org\/{rel}","templated":true}]}}