{"id":7484,"date":"2023-10-18T11:01:48","date_gmt":"2023-10-18T09:01:48","guid":{"rendered":"http:\/\/www.winetopblog.it\/blog\/?p=7484"},"modified":"2023-10-18T11:05:40","modified_gmt":"2023-10-18T09:05:40","slug":"12-mercato-dei-vini-dei-vignaioli-indipendenti-2023-aperte-le-prevendite","status":"publish","type":"post","link":"http:\/\/www.winetopblog.it\/blog\/2023\/10\/18\/12-mercato-dei-vini-dei-vignaioli-indipendenti-2023-aperte-le-prevendite\/","title":{"rendered":"12\u00b0 Mercato dei Vini dei Vignaioli Indipendenti 2023 Aperte le prevendite!"},"content":{"rendered":"\n<figure class=\"wp-block-image\"><img loading=\"lazy\" decoding=\"async\" width=\"1024\" height=\"536\" src=\"http:\/\/www.winetopblog.it\/blog\/wp-content\/uploads\/2023\/10\/COPERTINAEvento_FBlMercatoFivi2023-1024x536.jpg\" alt=\"\" class=\"wp-image-7485\" srcset=\"http:\/\/www.winetopblog.it\/blog\/wp-content\/uploads\/2023\/10\/COPERTINAEvento_FBlMercatoFivi2023-1024x536.jpg 1024w, http:\/\/www.winetopblog.it\/blog\/wp-content\/uploads\/2023\/10\/COPERTINAEvento_FBlMercatoFivi2023-300x157.jpg 300w, http:\/\/www.winetopblog.it\/blog\/wp-content\/uploads\/2023\/10\/COPERTINAEvento_FBlMercatoFivi2023-768x402.jpg 768w, http:\/\/www.winetopblog.it\/blog\/wp-content\/uploads\/2023\/10\/COPERTINAEvento_FBlMercatoFivi2023-1280x670.jpg 1280w\" sizes=\"(max-width: 1024px) 100vw, 1024px\" \/><figcaption><strong><em>Bologna, 1 settembre 2023<\/em><\/strong><em>.&nbsp;<\/em>Una festa: questo \u00e8 il Mercato dei Vini dei Vignaioli Indipendenti FIVI, dal&nbsp;2011 l\u2019unico evento in Italia organizzato dai Vignaioli per i Vignaioli e per chi ama i loro vini. Saranno&nbsp;<strong>1.000 gli espositori <\/strong>da ogni regione italiana che dal 25 al 27 novembre 2023 accoglieranno il pubblico nei padiglioni 29 e 30 di BolognaFiere.<br>A completare il Mercato, oltre ai Vignaioli soci FIVI, saranno presenti a Bologna un folto gruppo di olivicoltori indipendenti soci della FIOI e alcune delegazioni di Vignaioli europei in rappresentanza delle associazioni nazionali facenti parte di CEVI &#8211; Conf\u00e9d\u00e9ration Europ\u00e9enne des Vignerons Ind\u00e9pendants.<br><strong>INFORMAZIONI PRATICHE<\/strong><br><strong>Orari<\/strong><br>Sabato 25 e domenica 26 novembre: apertura cancelli ore 11.00, chiusura ore 19.00. <br>Luned\u00ec 27 novembre: apertura cancelli ore 11.00, chiusura ore 17.00.<br><strong>Ingressi<\/strong><br>Due gli ingressi (Nord ed Est Michelino), entrambi a ridosso del parcheggio multipiano Michelino. Il parcheggio Nord \u00e8 riservato a chi acquister\u00e0 il biglietto in prevendita, per facilitare e velocizzare l&#8217;ingresso. <br>Chi raggiunger\u00e0 BolognaFiere con i mezzi pubblici o in taxi, in Piazza della Costituzione trover\u00e0 un servizio di navette gratuite, dirette all&#8217;ingresso Est Michelino.<br><strong>Biglietti acquistabili online su :<\/strong><a href=\"http:\/\/www.mercatodeivini.it\">http:\/\/www.mercatodeivini.it<\/a><br><em>Intero giornaliero<\/em><br>Online: \u20ac 25,00<br>Fino al 24\/09: prevendita \u20ac 20,00 Acquistato in fiera: \u20ac 30.00.<br><em>Ingresso 2 giorni<\/em><br>Online: \u20ac 40,00<br>Acquistato in fiera: \u20ac 50,00.<br><em>Ingresso 3 giorni<\/em><br>Online: \u20ac 60,00<br>Acquistato in fiera: \u20ac 70,00.<br><em>Ridotto<\/em><br>Soci AIS, FIS, FISAR, ONAV, AIES, ASPI, ASSOSOMMELIER, SCUOLA EUROPEA SOMMELIER, SLOW FOOD Online e in fiera: \u20ac 20,00.<br><em>Operatori<\/em><br>Online e in fiera: \u20ac 20,00<br>Biglietto acquistabile inserendo la partita Iva.<br><strong>Carrelli<\/strong><br>Oltre 1.000 carrelli a disposizione del pubblico, con la possibilit\u00e0 di riconsegnarli direttamente al parcheggio multipiano.<br><\/figcaption><\/figure>\n","protected":false},"excerpt":{"rendered":"","protected":false},"author":1,"featured_media":0,"comment_status":"open","ping_status":"open","sticky":false,"template":"","format":"standard","meta":{"jetpack_post_was_ever_published":false,"_jetpack_newsletter_access":"","_jetpack_dont_email_post_to_subs":false,"_jetpack_newsletter_tier_id":0,"_jetpack_memberships_contains_paywalled_content":false,"_jetpack_memberships_contains_paid_content":false,"footnotes":"","jetpack_publicize_message":"","jetpack_publicize_feature_enabled":true,"jetpack_social_post_already_shared":true,"jetpack_social_options":{"image_generator_settings":{"template":"highway","enabled":false},"version":2}},"categories":[25],"tags":[],"class_list":["post-7484","post","type-post","status-publish","format-standard","hentry","category-comunicati-stampa"],"jetpack_publicize_connections":[],"jetpack_featured_media_url":"","jetpack_sharing_enabled":true,"jetpack_shortlink":"https:\/\/wp.me\/p7YLz1-1WI","_links":{"self":[{"href":"http:\/\/www.winetopblog.it\/blog\/wp-json\/wp\/v2\/posts\/7484"}],"collection":[{"href":"http:\/\/www.winetopblog.it\/blog\/wp-json\/wp\/v2\/posts"}],"about":[{"href":"http:\/\/www.winetopblog.it\/blog\/wp-json\/wp\/v2\/types\/post"}],"author":[{"embeddable":true,"href":"http:\/\/www.winetopblog.it\/blog\/wp-json\/wp\/v2\/users\/1"}],"replies":[{"embeddable":true,"href":"http:\/\/www.winetopblog.it\/blog\/wp-json\/wp\/v2\/comments?post=7484"}],"version-history":[{"count":3,"href":"http:\/\/www.winetopblog.it\/blog\/wp-json\/wp\/v2\/posts\/7484\/revisions"}],"predecessor-version":[{"id":7488,"href":"http:\/\/www.winetopblog.it\/blog\/wp-json\/wp\/v2\/posts\/7484\/revisions\/7488"}],"wp:attachment":[{"href":"http:\/\/www.winetopblog.it\/blog\/wp-json\/wp\/v2\/media?parent=7484"}],"wp:term":[{"taxonomy":"category","embeddable":true,"href":"http:\/\/www.winetopblog.it\/blog\/wp-json\/wp\/v2\/categories?post=7484"},{"taxonomy":"post_tag","embeddable":true,"href":"http:\/\/www.winetopblog.it\/blog\/wp-json\/wp\/v2\/tags?post=7484"}],"curies":[{"name":"wp","href":"https:\/\/api.w.org\/{rel}","templated":true}]}}