{"id":7087,"date":"2022-06-24T09:29:39","date_gmt":"2022-06-24T07:29:39","guid":{"rendered":"http:\/\/www.winetopblog.it\/blog\/?p=7087"},"modified":"2022-06-24T09:29:40","modified_gmt":"2022-06-24T07:29:40","slug":"orestilla-2017-montonale-lugana-doc","status":"publish","type":"post","link":"http:\/\/www.winetopblog.it\/blog\/2022\/06\/24\/orestilla-2017-montonale-lugana-doc\/","title":{"rendered":"Orestilla 2017. Montonale. Lugana doc"},"content":{"rendered":"\n<figure class=\"wp-block-image size-large\"><img loading=\"lazy\" decoding=\"async\" width=\"768\" height=\"1024\" src=\"http:\/\/www.winetopblog.it\/blog\/wp-content\/uploads\/2021\/12\/img_2971-768x1024.jpg\" alt=\"\" class=\"wp-image-7085\" srcset=\"http:\/\/www.winetopblog.it\/blog\/wp-content\/uploads\/2021\/12\/img_2971-768x1024.jpg 768w, http:\/\/www.winetopblog.it\/blog\/wp-content\/uploads\/2021\/12\/img_2971-225x300.jpg 225w, http:\/\/www.winetopblog.it\/blog\/wp-content\/uploads\/2021\/12\/img_2971-1280x1707.jpg 1280w\" sizes=\"(max-width: 768px) 100vw, 768px\" \/><\/figure>\n\n\n\n<figure class=\"wp-block-image size-large\"><img loading=\"lazy\" decoding=\"async\" width=\"768\" height=\"1024\" src=\"http:\/\/www.winetopblog.it\/blog\/wp-content\/uploads\/2021\/12\/img_2972-768x1024.jpg\" alt=\"\" class=\"wp-image-7086\" srcset=\"http:\/\/www.winetopblog.it\/blog\/wp-content\/uploads\/2021\/12\/img_2972-768x1024.jpg 768w, http:\/\/www.winetopblog.it\/blog\/wp-content\/uploads\/2021\/12\/img_2972-225x300.jpg 225w, http:\/\/www.winetopblog.it\/blog\/wp-content\/uploads\/2021\/12\/img_2972-1280x1707.jpg 1280w\" sizes=\"(max-width: 768px) 100vw, 768px\" \/><\/figure>\n\n\n\n<p>Da riprovare! Mi attendevo pi\u00f9 decisione, pi\u00f9 carattere, un\u2019intensit\u00e0 di frutto superiore, ed invece tutta l\u2019espressione su toni tenui, delicati, forse anche un po\u2019 spenti. Probabilmente la bottiglia, forse la batteria di vini precedenti, sicuramente pi\u00f9 muscolari, per\u00f2 necessito di riverificare, prima di farmene un giudizio definitivo (anche perch\u00e9 questo vino \u00e8 balzato, qualche anno fa, agli onori della cronaca\u2026 mi dispiacerebbe prendere atto che non ne capisco pi\u00f9 un tubazzo!!!)<\/p>\n\n\n\n<p><em>d.c.<\/em><\/p>\n","protected":false},"excerpt":{"rendered":"<p>Da riprovare! Mi attendevo pi\u00f9 decisione, pi\u00f9 carattere, un\u2019intensit\u00e0 di frutto superiore, ed invece tutta l\u2019espressione su toni tenui, delicati, forse anche un po\u2019 spenti. Probabilmente la bottiglia, forse la batteria di vini precedenti, sicuramente pi\u00f9 muscolari, per\u00f2 necessito di riverificare, prima di farmene un giudizio definitivo (anche perch\u00e9 questo vino \u00e8 balzato, qualche anno [&hellip;]<\/p>\n","protected":false},"author":1,"featured_media":0,"comment_status":"open","ping_status":"open","sticky":false,"template":"","format":"standard","meta":{"jetpack_post_was_ever_published":false,"_jetpack_newsletter_access":"","_jetpack_dont_email_post_to_subs":false,"_jetpack_newsletter_tier_id":0,"_jetpack_memberships_contains_paywalled_content":false,"_jetpack_memberships_contains_paid_content":false,"footnotes":"","jetpack_publicize_message":"","jetpack_publicize_feature_enabled":true,"jetpack_social_post_already_shared":true,"jetpack_social_options":{"image_generator_settings":{"template":"highway","enabled":false},"version":2}},"categories":[1],"tags":[],"class_list":["post-7087","post","type-post","status-publish","format-standard","hentry","category-news"],"jetpack_publicize_connections":[],"jetpack_featured_media_url":"","jetpack_sharing_enabled":true,"jetpack_shortlink":"https:\/\/wp.me\/p7YLz1-1Qj","_links":{"self":[{"href":"http:\/\/www.winetopblog.it\/blog\/wp-json\/wp\/v2\/posts\/7087"}],"collection":[{"href":"http:\/\/www.winetopblog.it\/blog\/wp-json\/wp\/v2\/posts"}],"about":[{"href":"http:\/\/www.winetopblog.it\/blog\/wp-json\/wp\/v2\/types\/post"}],"author":[{"embeddable":true,"href":"http:\/\/www.winetopblog.it\/blog\/wp-json\/wp\/v2\/users\/1"}],"replies":[{"embeddable":true,"href":"http:\/\/www.winetopblog.it\/blog\/wp-json\/wp\/v2\/comments?post=7087"}],"version-history":[{"count":3,"href":"http:\/\/www.winetopblog.it\/blog\/wp-json\/wp\/v2\/posts\/7087\/revisions"}],"predecessor-version":[{"id":7145,"href":"http:\/\/www.winetopblog.it\/blog\/wp-json\/wp\/v2\/posts\/7087\/revisions\/7145"}],"wp:attachment":[{"href":"http:\/\/www.winetopblog.it\/blog\/wp-json\/wp\/v2\/media?parent=7087"}],"wp:term":[{"taxonomy":"category","embeddable":true,"href":"http:\/\/www.winetopblog.it\/blog\/wp-json\/wp\/v2\/categories?post=7087"},{"taxonomy":"post_tag","embeddable":true,"href":"http:\/\/www.winetopblog.it\/blog\/wp-json\/wp\/v2\/tags?post=7087"}],"curies":[{"name":"wp","href":"https:\/\/api.w.org\/{rel}","templated":true}]}}