{"id":6871,"date":"2021-11-14T13:20:13","date_gmt":"2021-11-14T12:20:13","guid":{"rendered":"http:\/\/www.winetopblog.it\/blog\/?p=6871"},"modified":"2021-11-14T13:20:14","modified_gmt":"2021-11-14T12:20:14","slug":"b-c-2007-bosio-dosaggio-zero","status":"publish","type":"post","link":"http:\/\/www.winetopblog.it\/blog\/2021\/11\/14\/b-c-2007-bosio-dosaggio-zero\/","title":{"rendered":"B.C.2007. Bosio. Dosaggio Zero"},"content":{"rendered":"\n<figure class=\"wp-block-image size-large\"><img loading=\"lazy\" decoding=\"async\" width=\"768\" height=\"1024\" src=\"http:\/\/www.winetopblog.it\/blog\/wp-content\/uploads\/2021\/07\/img_2217-768x1024.jpg\" alt=\"\" class=\"wp-image-6869\" srcset=\"http:\/\/www.winetopblog.it\/blog\/wp-content\/uploads\/2021\/07\/img_2217-768x1024.jpg 768w, http:\/\/www.winetopblog.it\/blog\/wp-content\/uploads\/2021\/07\/img_2217-225x300.jpg 225w, http:\/\/www.winetopblog.it\/blog\/wp-content\/uploads\/2021\/07\/img_2217-1280x1707.jpg 1280w\" sizes=\"(max-width: 768px) 100vw, 768px\" \/><\/figure>\n\n\n\n<p>Bosched\u00f2r Continua\u2026 qualcuno mi aiuti a conoscere chi o cosa sia Boscad\u00f2r, richiamato nelle etichette della valida casa vinicola franciacortina. Una riserva molto elegante, con note di intensit\u00e0 di colore ed olfattive rilevanti: erano anni che non trovavo nel bicchiere un giallo cos\u00ec carico. Tutto molto equilibrato, con un sospetto di acidit\u00e0 calante a tre anni dalla sboccatura.<\/p>\n\n\n\n<p><em>d.c.<\/em><\/p>\n\n\n\n<figure class=\"wp-block-image size-large\"><img loading=\"lazy\" decoding=\"async\" width=\"768\" height=\"1024\" src=\"http:\/\/www.winetopblog.it\/blog\/wp-content\/uploads\/2021\/07\/img_2218-768x1024.jpg\" alt=\"\" class=\"wp-image-6870\" srcset=\"http:\/\/www.winetopblog.it\/blog\/wp-content\/uploads\/2021\/07\/img_2218-768x1024.jpg 768w, http:\/\/www.winetopblog.it\/blog\/wp-content\/uploads\/2021\/07\/img_2218-225x300.jpg 225w, http:\/\/www.winetopblog.it\/blog\/wp-content\/uploads\/2021\/07\/img_2218-1280x1707.jpg 1280w\" sizes=\"(max-width: 768px) 100vw, 768px\" \/><\/figure>\n","protected":false},"excerpt":{"rendered":"<p>Bosched\u00f2r Continua\u2026 qualcuno mi aiuti a conoscere chi o cosa sia Boscad\u00f2r, richiamato nelle etichette della valida casa vinicola franciacortina. Una riserva molto elegante, con note di intensit\u00e0 di colore ed olfattive rilevanti: erano anni che non trovavo nel bicchiere un giallo cos\u00ec carico. Tutto molto equilibrato, con un sospetto di acidit\u00e0 calante a tre [&hellip;]<\/p>\n","protected":false},"author":1,"featured_media":0,"comment_status":"open","ping_status":"open","sticky":false,"template":"","format":"standard","meta":{"jetpack_post_was_ever_published":false,"_jetpack_newsletter_access":"","_jetpack_dont_email_post_to_subs":false,"_jetpack_newsletter_tier_id":0,"_jetpack_memberships_contains_paywalled_content":false,"_jetpack_memberships_contains_paid_content":false,"footnotes":"","jetpack_publicize_message":"","jetpack_publicize_feature_enabled":true,"jetpack_social_post_already_shared":true,"jetpack_social_options":{"image_generator_settings":{"template":"highway","enabled":false},"version":2}},"categories":[1],"tags":[],"class_list":["post-6871","post","type-post","status-publish","format-standard","hentry","category-news"],"jetpack_publicize_connections":[],"jetpack_featured_media_url":"","jetpack_sharing_enabled":true,"jetpack_shortlink":"https:\/\/wp.me\/p7YLz1-1MP","_links":{"self":[{"href":"http:\/\/www.winetopblog.it\/blog\/wp-json\/wp\/v2\/posts\/6871"}],"collection":[{"href":"http:\/\/www.winetopblog.it\/blog\/wp-json\/wp\/v2\/posts"}],"about":[{"href":"http:\/\/www.winetopblog.it\/blog\/wp-json\/wp\/v2\/types\/post"}],"author":[{"embeddable":true,"href":"http:\/\/www.winetopblog.it\/blog\/wp-json\/wp\/v2\/users\/1"}],"replies":[{"embeddable":true,"href":"http:\/\/www.winetopblog.it\/blog\/wp-json\/wp\/v2\/comments?post=6871"}],"version-history":[{"count":3,"href":"http:\/\/www.winetopblog.it\/blog\/wp-json\/wp\/v2\/posts\/6871\/revisions"}],"predecessor-version":[{"id":7032,"href":"http:\/\/www.winetopblog.it\/blog\/wp-json\/wp\/v2\/posts\/6871\/revisions\/7032"}],"wp:attachment":[{"href":"http:\/\/www.winetopblog.it\/blog\/wp-json\/wp\/v2\/media?parent=6871"}],"wp:term":[{"taxonomy":"category","embeddable":true,"href":"http:\/\/www.winetopblog.it\/blog\/wp-json\/wp\/v2\/categories?post=6871"},{"taxonomy":"post_tag","embeddable":true,"href":"http:\/\/www.winetopblog.it\/blog\/wp-json\/wp\/v2\/tags?post=6871"}],"curies":[{"name":"wp","href":"https:\/\/api.w.org\/{rel}","templated":true}]}}