{"id":4421,"date":"2019-07-24T13:45:35","date_gmt":"2019-07-24T11:45:35","guid":{"rendered":"http:\/\/www.winetopblog.it\/blog\/?p=4421"},"modified":"2019-07-24T13:45:35","modified_gmt":"2019-07-24T11:45:35","slug":"le-vaglie-2018-verdicchio-dei-castelli-di-jesi-santa-barbara","status":"publish","type":"post","link":"http:\/\/www.winetopblog.it\/blog\/2019\/07\/24\/le-vaglie-2018-verdicchio-dei-castelli-di-jesi-santa-barbara\/","title":{"rendered":"Le Vaglie 2018. Verdicchio dei Castelli di Jesi. Santa Barbara."},"content":{"rendered":"<p>\u00c8 incredibile la schiettezza di questo Verdicchio che ti cattura al primo assaggio. Alla vista ed al naso la sensazione \u00e8 verde, ma l&#8217;orto in cui ti imbatti \u00e8 variegato ed esteso: c&#8217;\u00e8 lo sfalcio estivo delle erbe di alpeggio, ma presto arriva un pesto di basilico e rosmarino, per poi continuare su note pi\u00f9 dolci e fruttate, tra il melone cantalupo ed un commovente pompelmo rosa maturo. Ma in verit\u00e0, pi\u00f9 inzuppi il naso \u00e8 pi\u00f9 scopri&#8230; In bocca il binario \u00e8 dritto, tra un&#8217;acidit\u00e0 ancora corrosiva (che fa sperare in una vita lunghissima), ed una sapidit\u00e0 ancora non doma e che squilibra la bevuta verso le durezze, cancellando, di fatto, le morbidezze ancora letargiche. Bottiglia da aprire fin da subito senza inibizioni, e frequentarne la compagnia per i prossimi dieci anni!<\/p>\n<p><em>d.c.<\/em><\/p>\n<p><img loading=\"lazy\" decoding=\"async\" src=\"http:\/\/www.winetopblog.it\/blog\/wp-content\/uploads\/2019\/07\/20190713_2114467099509691630296634.jpg\" class=\"alignnone size-full wp-image-4419\" width=\"1960\" height=\"4032\" srcset=\"http:\/\/www.winetopblog.it\/blog\/wp-content\/uploads\/2019\/07\/20190713_2114467099509691630296634.jpg 1960w, http:\/\/www.winetopblog.it\/blog\/wp-content\/uploads\/2019\/07\/20190713_2114467099509691630296634-146x300.jpg 146w, http:\/\/www.winetopblog.it\/blog\/wp-content\/uploads\/2019\/07\/20190713_2114467099509691630296634-768x1580.jpg 768w, http:\/\/www.winetopblog.it\/blog\/wp-content\/uploads\/2019\/07\/20190713_2114467099509691630296634-498x1024.jpg 498w, http:\/\/www.winetopblog.it\/blog\/wp-content\/uploads\/2019\/07\/20190713_2114467099509691630296634-1280x2633.jpg 1280w\" sizes=\"(max-width: 1960px) 100vw, 1960px\" \/><\/p>\n<p><img loading=\"lazy\" decoding=\"async\" src=\"http:\/\/www.winetopblog.it\/blog\/wp-content\/uploads\/2019\/07\/20190713_2114548729372194974216135.jpg\" class=\"alignnone size-full wp-image-4420\" width=\"1960\" height=\"4032\" srcset=\"http:\/\/www.winetopblog.it\/blog\/wp-content\/uploads\/2019\/07\/20190713_2114548729372194974216135.jpg 1960w, http:\/\/www.winetopblog.it\/blog\/wp-content\/uploads\/2019\/07\/20190713_2114548729372194974216135-146x300.jpg 146w, http:\/\/www.winetopblog.it\/blog\/wp-content\/uploads\/2019\/07\/20190713_2114548729372194974216135-768x1580.jpg 768w, http:\/\/www.winetopblog.it\/blog\/wp-content\/uploads\/2019\/07\/20190713_2114548729372194974216135-498x1024.jpg 498w, http:\/\/www.winetopblog.it\/blog\/wp-content\/uploads\/2019\/07\/20190713_2114548729372194974216135-1280x2633.jpg 1280w\" sizes=\"(max-width: 1960px) 100vw, 1960px\" \/><\/p>\n","protected":false},"excerpt":{"rendered":"<p>\u00c8 incredibile la schiettezza di questo Verdicchio che ti cattura al primo assaggio. Alla vista ed al naso la sensazione \u00e8 verde, ma l&#8217;orto in cui ti imbatti \u00e8 variegato ed esteso: c&#8217;\u00e8 lo sfalcio estivo delle erbe di alpeggio, ma presto arriva un pesto di basilico e rosmarino, per poi continuare su note pi\u00f9 [&hellip;]<\/p>\n","protected":false},"author":1,"featured_media":0,"comment_status":"open","ping_status":"open","sticky":false,"template":"","format":"standard","meta":{"jetpack_post_was_ever_published":false,"_jetpack_newsletter_access":"","_jetpack_dont_email_post_to_subs":false,"_jetpack_newsletter_tier_id":0,"_jetpack_memberships_contains_paywalled_content":false,"_jetpack_memberships_contains_paid_content":false,"footnotes":"","jetpack_publicize_message":"","jetpack_publicize_feature_enabled":true,"jetpack_social_post_already_shared":true,"jetpack_social_options":{"image_generator_settings":{"template":"highway","enabled":false},"version":2}},"categories":[1],"tags":[],"class_list":["post-4421","post","type-post","status-publish","format-standard","hentry","category-news"],"jetpack_publicize_connections":[],"jetpack_featured_media_url":"","jetpack_sharing_enabled":true,"jetpack_shortlink":"https:\/\/wp.me\/p7YLz1-19j","_links":{"self":[{"href":"http:\/\/www.winetopblog.it\/blog\/wp-json\/wp\/v2\/posts\/4421"}],"collection":[{"href":"http:\/\/www.winetopblog.it\/blog\/wp-json\/wp\/v2\/posts"}],"about":[{"href":"http:\/\/www.winetopblog.it\/blog\/wp-json\/wp\/v2\/types\/post"}],"author":[{"embeddable":true,"href":"http:\/\/www.winetopblog.it\/blog\/wp-json\/wp\/v2\/users\/1"}],"replies":[{"embeddable":true,"href":"http:\/\/www.winetopblog.it\/blog\/wp-json\/wp\/v2\/comments?post=4421"}],"version-history":[{"count":1,"href":"http:\/\/www.winetopblog.it\/blog\/wp-json\/wp\/v2\/posts\/4421\/revisions"}],"predecessor-version":[{"id":4474,"href":"http:\/\/www.winetopblog.it\/blog\/wp-json\/wp\/v2\/posts\/4421\/revisions\/4474"}],"wp:attachment":[{"href":"http:\/\/www.winetopblog.it\/blog\/wp-json\/wp\/v2\/media?parent=4421"}],"wp:term":[{"taxonomy":"category","embeddable":true,"href":"http:\/\/www.winetopblog.it\/blog\/wp-json\/wp\/v2\/categories?post=4421"},{"taxonomy":"post_tag","embeddable":true,"href":"http:\/\/www.winetopblog.it\/blog\/wp-json\/wp\/v2\/tags?post=4421"}],"curies":[{"name":"wp","href":"https:\/\/api.w.org\/{rel}","templated":true}]}}