{"id":4410,"date":"2019-07-24T13:45:16","date_gmt":"2019-07-24T11:45:16","guid":{"rendered":"http:\/\/www.winetopblog.it\/blog\/?p=4410"},"modified":"2019-07-24T13:45:16","modified_gmt":"2019-07-24T11:45:16","slug":"mandolara-2018-le-morette-zenato-lugana-doc","status":"publish","type":"post","link":"http:\/\/www.winetopblog.it\/blog\/2019\/07\/24\/mandolara-2018-le-morette-zenato-lugana-doc\/","title":{"rendered":"Mandolara 2018. Le Morette, Zenato. Lugana doc."},"content":{"rendered":"<p>Lugana che privilegia i toni del calore rispetto a temi, probabilmente individuati nella <em>nouvelle vague <\/em>stilistica della turbiana morenica del basso Benaco. La limpidezza del paglierino \u00e8 tinta di un giallo carico. I profumi, senz&#8217;altro intensi, sanno di erbe aromatiche pi\u00f9 che di frutta, che non celano quella mandorla, che per tanto tempo ha rappresentato un tema comune tra le cantine, ma \u00e8 una mandorla un po&#8217; amarognola, lenita solamente dalla morbidezza di una sensazione di calore. In bocca la freschezza \u00e8 un po&#8217; debole ed il cavo orale si scalda di calore alcolico, apparentemente pi\u00f9 elevato della misura indicata in etichetta. E ritorna un ammandorlato che svanisce con una certa semplicit\u00e0.<\/p>\n<p><em>d.c.<\/em><\/p>\n<p><img loading=\"lazy\" decoding=\"async\" src=\"http:\/\/www.winetopblog.it\/blog\/wp-content\/uploads\/2019\/07\/20190628_2056364059037119731117678.jpg\" class=\"alignnone size-full wp-image-4408\" width=\"1960\" height=\"4032\" srcset=\"http:\/\/www.winetopblog.it\/blog\/wp-content\/uploads\/2019\/07\/20190628_2056364059037119731117678.jpg 1960w, http:\/\/www.winetopblog.it\/blog\/wp-content\/uploads\/2019\/07\/20190628_2056364059037119731117678-146x300.jpg 146w, http:\/\/www.winetopblog.it\/blog\/wp-content\/uploads\/2019\/07\/20190628_2056364059037119731117678-768x1580.jpg 768w, http:\/\/www.winetopblog.it\/blog\/wp-content\/uploads\/2019\/07\/20190628_2056364059037119731117678-498x1024.jpg 498w, http:\/\/www.winetopblog.it\/blog\/wp-content\/uploads\/2019\/07\/20190628_2056364059037119731117678-1280x2633.jpg 1280w\" sizes=\"(max-width: 1960px) 100vw, 1960px\" \/><\/p>\n<p><img loading=\"lazy\" decoding=\"async\" src=\"http:\/\/www.winetopblog.it\/blog\/wp-content\/uploads\/2019\/07\/20190628_2056443410254132288023077.jpg\" class=\"alignnone size-full wp-image-4409\" width=\"1960\" height=\"4032\" srcset=\"http:\/\/www.winetopblog.it\/blog\/wp-content\/uploads\/2019\/07\/20190628_2056443410254132288023077.jpg 1960w, http:\/\/www.winetopblog.it\/blog\/wp-content\/uploads\/2019\/07\/20190628_2056443410254132288023077-146x300.jpg 146w, http:\/\/www.winetopblog.it\/blog\/wp-content\/uploads\/2019\/07\/20190628_2056443410254132288023077-768x1580.jpg 768w, http:\/\/www.winetopblog.it\/blog\/wp-content\/uploads\/2019\/07\/20190628_2056443410254132288023077-498x1024.jpg 498w, http:\/\/www.winetopblog.it\/blog\/wp-content\/uploads\/2019\/07\/20190628_2056443410254132288023077-1280x2633.jpg 1280w\" sizes=\"(max-width: 1960px) 100vw, 1960px\" \/><\/p>\n","protected":false},"excerpt":{"rendered":"<p>Lugana che privilegia i toni del calore rispetto a temi, probabilmente individuati nella nouvelle vague stilistica della turbiana morenica del basso Benaco. La limpidezza del paglierino \u00e8 tinta di un giallo carico. I profumi, senz&#8217;altro intensi, sanno di erbe aromatiche pi\u00f9 che di frutta, che non celano quella mandorla, che per tanto tempo ha rappresentato [&hellip;]<\/p>\n","protected":false},"author":1,"featured_media":0,"comment_status":"open","ping_status":"open","sticky":false,"template":"","format":"standard","meta":{"jetpack_post_was_ever_published":false,"_jetpack_newsletter_access":"","_jetpack_dont_email_post_to_subs":false,"_jetpack_newsletter_tier_id":0,"_jetpack_memberships_contains_paywalled_content":false,"_jetpack_memberships_contains_paid_content":false,"footnotes":"","jetpack_publicize_message":"","jetpack_publicize_feature_enabled":true,"jetpack_social_post_already_shared":true,"jetpack_social_options":{"image_generator_settings":{"template":"highway","enabled":false},"version":2}},"categories":[1],"tags":[],"class_list":["post-4410","post","type-post","status-publish","format-standard","hentry","category-news"],"jetpack_publicize_connections":[],"jetpack_featured_media_url":"","jetpack_sharing_enabled":true,"jetpack_shortlink":"https:\/\/wp.me\/p7YLz1-198","_links":{"self":[{"href":"http:\/\/www.winetopblog.it\/blog\/wp-json\/wp\/v2\/posts\/4410"}],"collection":[{"href":"http:\/\/www.winetopblog.it\/blog\/wp-json\/wp\/v2\/posts"}],"about":[{"href":"http:\/\/www.winetopblog.it\/blog\/wp-json\/wp\/v2\/types\/post"}],"author":[{"embeddable":true,"href":"http:\/\/www.winetopblog.it\/blog\/wp-json\/wp\/v2\/users\/1"}],"replies":[{"embeddable":true,"href":"http:\/\/www.winetopblog.it\/blog\/wp-json\/wp\/v2\/comments?post=4410"}],"version-history":[{"count":2,"href":"http:\/\/www.winetopblog.it\/blog\/wp-json\/wp\/v2\/posts\/4410\/revisions"}],"predecessor-version":[{"id":4470,"href":"http:\/\/www.winetopblog.it\/blog\/wp-json\/wp\/v2\/posts\/4410\/revisions\/4470"}],"wp:attachment":[{"href":"http:\/\/www.winetopblog.it\/blog\/wp-json\/wp\/v2\/media?parent=4410"}],"wp:term":[{"taxonomy":"category","embeddable":true,"href":"http:\/\/www.winetopblog.it\/blog\/wp-json\/wp\/v2\/categories?post=4410"},{"taxonomy":"post_tag","embeddable":true,"href":"http:\/\/www.winetopblog.it\/blog\/wp-json\/wp\/v2\/tags?post=4410"}],"curies":[{"name":"wp","href":"https:\/\/api.w.org\/{rel}","templated":true}]}}