{"id":4402,"date":"2019-07-24T13:45:05","date_gmt":"2019-07-24T11:45:05","guid":{"rendered":"http:\/\/www.winetopblog.it\/blog\/?p=4402"},"modified":"2019-07-24T13:45:05","modified_gmt":"2019-07-24T11:45:05","slug":"borghetta-2016-lugana-riserva-doc-avanzi","status":"publish","type":"post","link":"http:\/\/www.winetopblog.it\/blog\/2019\/07\/24\/borghetta-2016-lugana-riserva-doc-avanzi\/","title":{"rendered":"Borghetta 2016. Lugana Riserva doc. Avanzi."},"content":{"rendered":"<p>Forse \u00e8 ancora molto presto (nel retro etichetta si invoca il plenilunio nel lustro&#8230;), ma il Lugana Riserva mi \u00e8 apparso ancora un po&#8217; immaturo nel gusto e nel &#8220;progetto&#8221;&#8230; Il frutto \u00e8 fortemente tropicale (nel mitico Brolettino l&#8217;avevamo definito &#8220;avanguardista&#8221;), ma come correttamente rilevato da Tito (che mi ha aperto la bottiglia) \u00e8 fin troppo dolce. Ma devo ammettere che la caratteristica che pi\u00f9 ha frenato i miei entusiasmi \u00e8 la quantit\u00e0 di legno nel bicchiere. La barrique \u00e8 dichiarata come elemento di struttura, ma nel 2016 appare ancora troppo invasiva (o perlomeno ancora poco &#8220;digerita&#8221;&#8230;) e dal modello stilistico un po&#8217; superato: sembra di ritornare al gusto anni &#8217;90, poi disconosciuto un po&#8217; da tutti.<\/p>\n<p>Avanguardia e Modernariato sono forse oggi due stili ancora da conciliare&#8230;<\/p>\n<p><img loading=\"lazy\" decoding=\"async\" src=\"http:\/\/www.winetopblog.it\/blog\/wp-content\/uploads\/2019\/07\/20190709_2041593261577731339613771.jpg\" class=\"alignnone size-full wp-image-4400\" width=\"1960\" height=\"4032\" srcset=\"http:\/\/www.winetopblog.it\/blog\/wp-content\/uploads\/2019\/07\/20190709_2041593261577731339613771.jpg 1960w, http:\/\/www.winetopblog.it\/blog\/wp-content\/uploads\/2019\/07\/20190709_2041593261577731339613771-146x300.jpg 146w, http:\/\/www.winetopblog.it\/blog\/wp-content\/uploads\/2019\/07\/20190709_2041593261577731339613771-768x1580.jpg 768w, http:\/\/www.winetopblog.it\/blog\/wp-content\/uploads\/2019\/07\/20190709_2041593261577731339613771-498x1024.jpg 498w, http:\/\/www.winetopblog.it\/blog\/wp-content\/uploads\/2019\/07\/20190709_2041593261577731339613771-1280x2633.jpg 1280w\" sizes=\"(max-width: 1960px) 100vw, 1960px\" \/><\/p>\n<p><img loading=\"lazy\" decoding=\"async\" src=\"http:\/\/www.winetopblog.it\/blog\/wp-content\/uploads\/2019\/07\/20190709_2042102088273807254511751.jpg\" class=\"alignnone size-full wp-image-4401\" width=\"1960\" height=\"4032\" srcset=\"http:\/\/www.winetopblog.it\/blog\/wp-content\/uploads\/2019\/07\/20190709_2042102088273807254511751.jpg 1960w, http:\/\/www.winetopblog.it\/blog\/wp-content\/uploads\/2019\/07\/20190709_2042102088273807254511751-146x300.jpg 146w, http:\/\/www.winetopblog.it\/blog\/wp-content\/uploads\/2019\/07\/20190709_2042102088273807254511751-768x1580.jpg 768w, http:\/\/www.winetopblog.it\/blog\/wp-content\/uploads\/2019\/07\/20190709_2042102088273807254511751-498x1024.jpg 498w, http:\/\/www.winetopblog.it\/blog\/wp-content\/uploads\/2019\/07\/20190709_2042102088273807254511751-1280x2633.jpg 1280w\" sizes=\"(max-width: 1960px) 100vw, 1960px\" \/><\/p>\n","protected":false},"excerpt":{"rendered":"<p>Forse \u00e8 ancora molto presto (nel retro etichetta si invoca il plenilunio nel lustro&#8230;), ma il Lugana Riserva mi \u00e8 apparso ancora un po&#8217; immaturo nel gusto e nel &#8220;progetto&#8221;&#8230; Il frutto \u00e8 fortemente tropicale (nel mitico Brolettino l&#8217;avevamo definito &#8220;avanguardista&#8221;), ma come correttamente rilevato da Tito (che mi ha aperto la bottiglia) \u00e8 fin [&hellip;]<\/p>\n","protected":false},"author":1,"featured_media":0,"comment_status":"open","ping_status":"open","sticky":false,"template":"","format":"standard","meta":{"jetpack_post_was_ever_published":false,"_jetpack_newsletter_access":"","_jetpack_dont_email_post_to_subs":false,"_jetpack_newsletter_tier_id":0,"_jetpack_memberships_contains_paywalled_content":false,"_jetpack_memberships_contains_paid_content":false,"footnotes":"","jetpack_publicize_message":"","jetpack_publicize_feature_enabled":true,"jetpack_social_post_already_shared":true,"jetpack_social_options":{"image_generator_settings":{"template":"highway","enabled":false},"version":2}},"categories":[1],"tags":[],"class_list":["post-4402","post","type-post","status-publish","format-standard","hentry","category-news"],"jetpack_publicize_connections":[],"jetpack_featured_media_url":"","jetpack_sharing_enabled":true,"jetpack_shortlink":"https:\/\/wp.me\/p7YLz1-190","_links":{"self":[{"href":"http:\/\/www.winetopblog.it\/blog\/wp-json\/wp\/v2\/posts\/4402"}],"collection":[{"href":"http:\/\/www.winetopblog.it\/blog\/wp-json\/wp\/v2\/posts"}],"about":[{"href":"http:\/\/www.winetopblog.it\/blog\/wp-json\/wp\/v2\/types\/post"}],"author":[{"embeddable":true,"href":"http:\/\/www.winetopblog.it\/blog\/wp-json\/wp\/v2\/users\/1"}],"replies":[{"embeddable":true,"href":"http:\/\/www.winetopblog.it\/blog\/wp-json\/wp\/v2\/comments?post=4402"}],"version-history":[{"count":1,"href":"http:\/\/www.winetopblog.it\/blog\/wp-json\/wp\/v2\/posts\/4402\/revisions"}],"predecessor-version":[{"id":4415,"href":"http:\/\/www.winetopblog.it\/blog\/wp-json\/wp\/v2\/posts\/4402\/revisions\/4415"}],"wp:attachment":[{"href":"http:\/\/www.winetopblog.it\/blog\/wp-json\/wp\/v2\/media?parent=4402"}],"wp:term":[{"taxonomy":"category","embeddable":true,"href":"http:\/\/www.winetopblog.it\/blog\/wp-json\/wp\/v2\/categories?post=4402"},{"taxonomy":"post_tag","embeddable":true,"href":"http:\/\/www.winetopblog.it\/blog\/wp-json\/wp\/v2\/tags?post=4402"}],"curies":[{"name":"wp","href":"https:\/\/api.w.org\/{rel}","templated":true}]}}