{"id":4280,"date":"2019-07-24T13:44:55","date_gmt":"2019-07-24T11:44:55","guid":{"rendered":"http:\/\/www.winetopblog.it\/blog\/?p=4280"},"modified":"2019-07-24T13:44:55","modified_gmt":"2019-07-24T11:44:55","slug":"rosa-di-maggio-2017-i-tramonti-arrigoni-cinqueterre-doc","status":"publish","type":"post","link":"http:\/\/www.winetopblog.it\/blog\/2019\/07\/24\/rosa-di-maggio-2017-i-tramonti-arrigoni-cinqueterre-doc\/","title":{"rendered":"Rosa di maggio 2017. I tramonti. Arrigoni. Cinqueterre doc"},"content":{"rendered":"<p>Un colore giallo carico inconsueto, assomigliante ad una produzione biodinamica. Profumi che lasciano l&#8217;impronta di un vino difficile, anche da comprendere: i profumi non sono usuali! Sicuramente corretti nella polpa gialla del frutto maturo e nei petali di fiori bianchi primaverili, in parte anche ammalianti (la nota di rosmarino appena accennata \u00e8 un tocco sublime) per non dire affascinanti nella netta speziatura. Ma io profumi cos\u00ec, non li ho mai trovati! E come sempre la novit\u00e0 un po&#8217; spiazza&#8230; ma l&#8217;impressione che ti coglie, in realt\u00e0, \u00e8 che questi profumi siano antichi, dimenticati&#8230;In bocca poi prevale la sapidit\u00e0 alla freschezza (forse impressionati dall&#8217;immagine dei vigneti a picco sul mare&#8230;) ed una nota un po&#8217; slegata di calore, che non concede senso armonico alla musica d&#8217;insieme. Torna una sensazione di frutta nella retrolfattazione, ma \u00e8 amarognola, non graditissima, tanto da rappresentare forse questo l&#8217;elemento pi\u00f9 penalizzante. Da consumare freddo, perch\u00e9 la temperatura un po&#8217; elevata ne accentua le caratteristiche disattese (&#8230;).<\/p>\n<p><em>d.c.<\/em><\/p>\n<p><img loading=\"lazy\" decoding=\"async\" src=\"http:\/\/www.winetopblog.it\/blog\/wp-content\/uploads\/2019\/06\/20190623_2207596680505883586460117.jpg\" class=\"alignnone size-full wp-image-4277\" width=\"1960\" height=\"4032\" srcset=\"http:\/\/www.winetopblog.it\/blog\/wp-content\/uploads\/2019\/06\/20190623_2207596680505883586460117.jpg 1960w, http:\/\/www.winetopblog.it\/blog\/wp-content\/uploads\/2019\/06\/20190623_2207596680505883586460117-146x300.jpg 146w, http:\/\/www.winetopblog.it\/blog\/wp-content\/uploads\/2019\/06\/20190623_2207596680505883586460117-768x1580.jpg 768w, http:\/\/www.winetopblog.it\/blog\/wp-content\/uploads\/2019\/06\/20190623_2207596680505883586460117-498x1024.jpg 498w, http:\/\/www.winetopblog.it\/blog\/wp-content\/uploads\/2019\/06\/20190623_2207596680505883586460117-1280x2633.jpg 1280w\" sizes=\"(max-width: 1960px) 100vw, 1960px\" \/><\/p>\n<p><img loading=\"lazy\" decoding=\"async\" src=\"http:\/\/www.winetopblog.it\/blog\/wp-content\/uploads\/2019\/06\/20190623_2208095277927870430724683.jpg\" class=\"alignnone size-full wp-image-4278\" width=\"1960\" height=\"4032\" srcset=\"http:\/\/www.winetopblog.it\/blog\/wp-content\/uploads\/2019\/06\/20190623_2208095277927870430724683.jpg 1960w, http:\/\/www.winetopblog.it\/blog\/wp-content\/uploads\/2019\/06\/20190623_2208095277927870430724683-146x300.jpg 146w, http:\/\/www.winetopblog.it\/blog\/wp-content\/uploads\/2019\/06\/20190623_2208095277927870430724683-768x1580.jpg 768w, http:\/\/www.winetopblog.it\/blog\/wp-content\/uploads\/2019\/06\/20190623_2208095277927870430724683-498x1024.jpg 498w, http:\/\/www.winetopblog.it\/blog\/wp-content\/uploads\/2019\/06\/20190623_2208095277927870430724683-1280x2633.jpg 1280w\" sizes=\"(max-width: 1960px) 100vw, 1960px\" \/><\/p>\n","protected":false},"excerpt":{"rendered":"<p>Un colore giallo carico inconsueto, assomigliante ad una produzione biodinamica. Profumi che lasciano l&#8217;impronta di un vino difficile, anche da comprendere: i profumi non sono usuali! Sicuramente corretti nella polpa gialla del frutto maturo e nei petali di fiori bianchi primaverili, in parte anche ammalianti (la nota di rosmarino appena accennata \u00e8 un tocco sublime) [&hellip;]<\/p>\n","protected":false},"author":1,"featured_media":0,"comment_status":"open","ping_status":"open","sticky":false,"template":"","format":"standard","meta":{"jetpack_post_was_ever_published":false,"_jetpack_newsletter_access":"","_jetpack_dont_email_post_to_subs":false,"_jetpack_newsletter_tier_id":0,"_jetpack_memberships_contains_paywalled_content":false,"_jetpack_memberships_contains_paid_content":false,"footnotes":"","jetpack_publicize_message":"","jetpack_publicize_feature_enabled":true,"jetpack_social_post_already_shared":true,"jetpack_social_options":{"image_generator_settings":{"template":"highway","enabled":false},"version":2}},"categories":[1],"tags":[],"class_list":["post-4280","post","type-post","status-publish","format-standard","hentry","category-news"],"jetpack_publicize_connections":[],"jetpack_featured_media_url":"","jetpack_sharing_enabled":true,"jetpack_shortlink":"https:\/\/wp.me\/p7YLz1-172","_links":{"self":[{"href":"http:\/\/www.winetopblog.it\/blog\/wp-json\/wp\/v2\/posts\/4280"}],"collection":[{"href":"http:\/\/www.winetopblog.it\/blog\/wp-json\/wp\/v2\/posts"}],"about":[{"href":"http:\/\/www.winetopblog.it\/blog\/wp-json\/wp\/v2\/types\/post"}],"author":[{"embeddable":true,"href":"http:\/\/www.winetopblog.it\/blog\/wp-json\/wp\/v2\/users\/1"}],"replies":[{"embeddable":true,"href":"http:\/\/www.winetopblog.it\/blog\/wp-json\/wp\/v2\/comments?post=4280"}],"version-history":[{"count":1,"href":"http:\/\/www.winetopblog.it\/blog\/wp-json\/wp\/v2\/posts\/4280\/revisions"}],"predecessor-version":[{"id":4323,"href":"http:\/\/www.winetopblog.it\/blog\/wp-json\/wp\/v2\/posts\/4280\/revisions\/4323"}],"wp:attachment":[{"href":"http:\/\/www.winetopblog.it\/blog\/wp-json\/wp\/v2\/media?parent=4280"}],"wp:term":[{"taxonomy":"category","embeddable":true,"href":"http:\/\/www.winetopblog.it\/blog\/wp-json\/wp\/v2\/categories?post=4280"},{"taxonomy":"post_tag","embeddable":true,"href":"http:\/\/www.winetopblog.it\/blog\/wp-json\/wp\/v2\/tags?post=4280"}],"curies":[{"name":"wp","href":"https:\/\/api.w.org\/{rel}","templated":true}]}}